{"id":2393,"date":"2015-04-17T17:58:32","date_gmt":"2015-04-17T17:58:32","guid":{"rendered":"http:\/\/gestalt.uy\/?p=2393"},"modified":"2017-10-26T09:04:44","modified_gmt":"2017-10-26T09:04:44","slug":"que-es-la-gestalt","status":"publish","type":"post","link":"https:\/\/gestalt.uy\/escuela-gestaltica-montevideo\/2015\/04\/17\/que-es-la-gestalt\/","title":{"rendered":"Que es la Gestalt"},"content":{"rendered":"<p>\u201cLa psicoterapia gestalt es una fuerza rebelde y humanista. Es existencial en el sentido m\u00e1s amplio de la palabra, enfocada en el aqu\u00ed y el ahora, en el campo de la experiencia.En la terapia gest\u00e1ltica el paciente aprende a utilizar el darse cuenta (awareness) de s\u00ed mismo como un organismo total que es. Aprendiendo a enfocar el darse cuenta descubre lo que \u201c\u00e9l es\u201d y no lo que deber\u00eda ser, y no lo que podr\u00eda haber sido.<\/p>\n<p>Toma conciencia de lo que es y evita caer en el ideal de lo que puede llegar a ser, lo que no\u00a0ha sido a\u00fan. Aprende a confiar en s\u00ed mismo, as\u00ed obtiene el desarrollo \u00f3ptimo de su personalidad d\u00e1ndose soporte a s\u00ed mismo.El objetivo b\u00e1sico a alcanzar por cada persona es llegar a ser tal cual \u201ces\u201d y como \u201ces\u201d como dec\u00eda Perls: una rosa es una rosa \u2026. y no busca actualizarse en otra cosa.<\/p>\n<p>&nbsp;<\/p>\n<p>En psicoterapia Gestalt reorganizamos paso a paso las partes desunidas de la personalidad del paciente, hasta que \u00e9ste logre tomar fuerzas para que \u00e9l mismo y por s\u00ed solo obtenga su propio crecimiento, para que comprenda d\u00f3nde se sit\u00faan sus huecos o vac\u00edos existenciales y cu\u00e1les son los s\u00edntomas que le producen tales vac\u00edos. Estos s\u00edntomas siempre est\u00e1n asociados con el evitamiento o el escape a situaciones dif\u00edciles de la vida, lo que produce que dichas situaciones quedan inconclusas, sin cerrar.<\/p>\n<p>En terapia Gestalt contamos con un m\u00e9todo para que el paciente encuentre o descubra en\u00a0s\u00ed mismo y por s\u00ed mismo el potencial que le falta: el paciente se sirve del terapeuta como de\u00a0un espejo, espera de \u00e9l exactamente lo que no puede movilizar por s\u00ed mismo. En este\u00a0proceso terap\u00e9utico los dos descubren o descubrimos que ambos est\u00e1n o estamos\u00a0incompletos, que cada uno tiene o tenemos huecos existenciales en nuestras personalidades.\u201d<\/p>\n<p>&nbsp;<\/p>\n<p>C.CASTANEDO.<\/p>\n<p>&nbsp;<\/p>\n<p>&nbsp;<\/p>\n<h3><strong>Y por lo tanto dir\u00edamos que en gestalt el terapeuta tiene una actitud activa, donde la transformaci\u00f3n se da en el campo de la relaci\u00f3n.<\/strong><\/h3>\n","protected":false},"excerpt":{"rendered":"<p>\u201cLa psicoterapia gestalt es una fuerza rebelde y humanista. Es existencial en el sentido m\u00e1s amplio de la palabra, enfocada en el aqu\u00ed y el ahora, en el campo de la experiencia.En la terapia gest\u00e1ltica el paciente aprende a utilizar el darse cuenta (awareness) de s\u00ed mismo como un organismo total que es. Aprendiendo a [&hellip;]<\/p>\n","protected":false},"author":1,"featured_media":2435,"comment_status":"closed","ping_status":"closed","sticky":false,"template":"","format":"standard","meta":{"footnotes":""},"categories":[3],"tags":[21,23,29,31,40],"class_list":["post-2393","post","type-post","status-publish","format-standard","has-post-thumbnail","hentry","category-articulos","tag-gestalt","tag-gestaltica","tag-montevideo","tag-psicologia","tag-uruguay","has-post-title","has-post-date","has-post-category","has-post-tag","has-post-comment","has-post-author",""],"_links":{"self":[{"href":"https:\/\/gestalt.uy\/escuela-gestaltica-montevideo\/wp-json\/wp\/v2\/posts\/2393","targetHints":{"allow":["GET"]}}],"collection":[{"href":"https:\/\/gestalt.uy\/escuela-gestaltica-montevideo\/wp-json\/wp\/v2\/posts"}],"about":[{"href":"https:\/\/gestalt.uy\/escuela-gestaltica-montevideo\/wp-json\/wp\/v2\/types\/post"}],"author":[{"embeddable":true,"href":"https:\/\/gestalt.uy\/escuela-gestaltica-montevideo\/wp-json\/wp\/v2\/users\/1"}],"replies":[{"embeddable":true,"href":"https:\/\/gestalt.uy\/escuela-gestaltica-montevideo\/wp-json\/wp\/v2\/comments?post=2393"}],"version-history":[{"count":10,"href":"https:\/\/gestalt.uy\/escuela-gestaltica-montevideo\/wp-json\/wp\/v2\/posts\/2393\/revisions"}],"predecessor-version":[{"id":2714,"href":"https:\/\/gestalt.uy\/escuela-gestaltica-montevideo\/wp-json\/wp\/v2\/posts\/2393\/revisions\/2714"}],"wp:featuredmedia":[{"embeddable":true,"href":"https:\/\/gestalt.uy\/escuela-gestaltica-montevideo\/wp-json\/wp\/v2\/media\/2435"}],"wp:attachment":[{"href":"https:\/\/gestalt.uy\/escuela-gestaltica-montevideo\/wp-json\/wp\/v2\/media?parent=2393"}],"wp:term":[{"taxonomy":"category","embeddable":true,"href":"https:\/\/gestalt.uy\/escuela-gestaltica-montevideo\/wp-json\/wp\/v2\/categories?post=2393"},{"taxonomy":"post_tag","embeddable":true,"href":"https:\/\/gestalt.uy\/escuela-gestaltica-montevideo\/wp-json\/wp\/v2\/tags?post=2393"}],"curies":[{"name":"wp","href":"https:\/\/api.w.org\/{rel}","templated":true}]}}